{"id":2935,"date":"2023-10-03T17:56:09","date_gmt":"2023-10-03T15:56:09","guid":{"rendered":"https:\/\/www.cicanord.fr\/?p=2935"},"modified":"2024-04-19T14:53:03","modified_gmt":"2024-04-19T12:53:03","slug":"espaces-publics-louvre-lens-62","status":"publish","type":"post","link":"https:\/\/www.cicanord.fr\/2023\/10\/03\/espaces-publics-louvre-lens-62\/","title":{"rendered":"Espaces publics aux abords du Mus\u00e9e du Louvre LENS (62)"},"content":{"rendered":"\t\t<div data-elementor-type=\"wp-post\" data-elementor-id=\"2935\" class=\"elementor elementor-2935\" data-elementor-settings=\"[]\">\n\t\t\t\t\t\t<div class=\"elementor-inner\">\n\t\t\t\t\t\t\t<div class=\"elementor-section-wrap\">\n\t\t\t\t\t\t\t<section class=\"elementor-section elementor-top-section elementor-element elementor-element-d294b6f elementor-section-stretched elementor-section-boxed elementor-section-height-default elementor-section-height-default wpr-particle-no wpr-jarallax-no wpr-parallax-no wpr-sticky-section-no\" data-id=\"d294b6f\" data-element_type=\"section\" data-settings=\"{&quot;stretch_section&quot;:&quot;section-stretched&quot;}\">\n\t\t\t\t\t\t<div class=\"elementor-container elementor-column-gap-default\">\n\t\t\t\t\t\t\t<div class=\"elementor-row\">\n\t\t\t\t\t<div class=\"elementor-column elementor-col-50 elementor-top-column elementor-element elementor-element-6a3cd9eb\" data-id=\"6a3cd9eb\" data-element_type=\"column\">\n\t\t\t<div class=\"elementor-column-wrap elementor-element-populated\">\n\t\t\t\t\t\t\t<div class=\"elementor-widget-wrap\">\n\t\t\t\t\t\t<div class=\"elementor-element elementor-element-1badf771 elementor-widget elementor-widget-text-editor\" data-id=\"1badf771\" data-element_type=\"widget\" data-widget_type=\"text-editor.default\">\n\t\t\t\t<div class=\"elementor-widget-container\">\n\t\t\t\t\t\t\t\t<div class=\"elementor-text-editor elementor-clearfix\">\n\t\t\t\t<p><!-- wp:button --><\/p><div class=\"wp-block-button\"><strong><a class=\"wp-block-button__link\" href=\"https:\/\/www.cicanord.fr\/nos-references\/\">Retour<\/a><\/strong><\/div><p><!-- \/wp:button --><\/p>\t\t\t\t\t<\/div>\n\t\t\t\t\t\t<\/div>\n\t\t\t\t<\/div>\n\t\t\t\t<div class=\"elementor-element elementor-element-133c9b7e elementor-widget elementor-widget-heading\" data-id=\"133c9b7e\" data-element_type=\"widget\" data-widget_type=\"heading.default\">\n\t\t\t\t<div class=\"elementor-widget-container\">\n\t\t\t<p class=\"elementor-heading-title elementor-size-default\">Espaces publics - Mus\u00e9e du Louvre \u00e0 LENS (62)<\/p>\t\t<\/div>\n\t\t\t\t<\/div>\n\t\t\t\t\t\t<\/div>\n\t\t\t\t\t<\/div>\n\t\t<\/div>\n\t\t\t\t<div class=\"elementor-column elementor-col-50 elementor-top-column elementor-element elementor-element-17b84094\" data-id=\"17b84094\" data-element_type=\"column\">\n\t\t\t<div class=\"elementor-column-wrap\">\n\t\t\t\t\t\t\t<div class=\"elementor-widget-wrap\">\n\t\t\t\t\t\t\t\t<\/div>\n\t\t\t\t\t<\/div>\n\t\t<\/div>\n\t\t\t\t\t\t\t\t<\/div>\n\t\t\t\t\t<\/div>\n\t\t<\/section>\n\t\t\t\t<section class=\"elementor-section elementor-top-section elementor-element elementor-element-0d7cf05 elementor-section-stretched elementor-section-boxed elementor-section-height-default elementor-section-height-default wpr-particle-no wpr-jarallax-no wpr-parallax-no wpr-sticky-section-no\" data-id=\"0d7cf05\" data-element_type=\"section\" data-settings=\"{&quot;stretch_section&quot;:&quot;section-stretched&quot;}\">\n\t\t\t\t\t\t<div class=\"elementor-container elementor-column-gap-default\">\n\t\t\t\t\t\t\t<div class=\"elementor-row\">\n\t\t\t\t\t<div class=\"elementor-column elementor-col-50 elementor-top-column elementor-element elementor-element-069fa8d\" data-id=\"069fa8d\" data-element_type=\"column\">\n\t\t\t<div class=\"elementor-column-wrap elementor-element-populated\">\n\t\t\t\t\t\t\t<div class=\"elementor-widget-wrap\">\n\t\t\t\t\t\t<div class=\"elementor-element elementor-element-9b256a0 elementor-widget elementor-widget-image\" data-id=\"9b256a0\" data-element_type=\"widget\" data-widget_type=\"image.default\">\n\t\t\t\t<div class=\"elementor-widget-container\">\n\t\t\t\t\t\t\t\t<div class=\"elementor-image\">\n\t\t\t\t\t\t\t\t\t\t\t\t<img decoding=\"async\" width=\"391\" height=\"258\" src=\"https:\/\/www.cicanord.fr\/wp-content\/uploads\/2023\/10\/N006-Photo-pour-communication.png\" class=\"attachment-large size-large\" alt=\"\" loading=\"lazy\" \/>\t\t\t\t\t\t\t\t\t\t\t\t\t\t<\/div>\n\t\t\t\t\t\t<\/div>\n\t\t\t\t<\/div>\n\t\t\t\t\t\t<\/div>\n\t\t\t\t\t<\/div>\n\t\t<\/div>\n\t\t\t\t<div class=\"elementor-column elementor-col-50 elementor-top-column elementor-element elementor-element-16d3a62\" data-id=\"16d3a62\" data-element_type=\"column\">\n\t\t\t<div class=\"elementor-column-wrap elementor-element-populated\">\n\t\t\t\t\t\t\t<div class=\"elementor-widget-wrap\">\n\t\t\t\t\t\t<div class=\"elementor-element elementor-element-396d7d6 elementor-widget elementor-widget-text-editor\" data-id=\"396d7d6\" data-element_type=\"widget\" data-widget_type=\"text-editor.default\">\n\t\t\t\t<div class=\"elementor-widget-container\">\n\t\t\t\t\t\t\t\t<div class=\"elementor-text-editor elementor-clearfix\">\n\t\t\t\t<p><strong>Descriptif du projet<\/strong> : Conduite des \u00e9tudes relatives aux travaux d\u2019am\u00e9nagement des espaces publics pr\u00e9alables \u00e0 l\u2019implantation du mus\u00e9e du Louvre-Lens.<\/p><p><strong>Ma\u00eetre d\u2019ouvrage<\/strong> : Groupement de Commandes\u2014Association EURALENS<\/p><p><strong>Architecte<\/strong> : UNE FABRIQUE DE LA VILLE<\/p><p><strong>Bureaux d\u2019\u00e9tudes<\/strong> : ARTELIA<\/p><p><strong>Montant des travaux<\/strong> : Confidentiel<\/p><p><strong>Surface<\/strong> : Environ 1 600 hectares<\/p><p><strong>Mission CICANORD<\/strong> : AMO &#8211; Assistance technique pour la conduite des \u00e9tudes urbaines et paysag\u00e8res.<\/p><p><strong>Ann\u00e9es<\/strong> : 2011-20<span style=\"font-size: inherit;\">12<\/span><\/p>\t\t\t\t\t<\/div>\n\t\t\t\t\t\t<\/div>\n\t\t\t\t<\/div>\n\t\t\t\t\t\t<\/div>\n\t\t\t\t\t<\/div>\n\t\t<\/div>\n\t\t\t\t\t\t\t\t<\/div>\n\t\t\t\t\t<\/div>\n\t\t<\/section>\n\t\t\t\t\t\t<\/div>\n\t\t\t\t\t\t<\/div>\n\t\t\t\t\t<\/div>\n\t\t","protected":false},"excerpt":{"rendered":"<p>Espaces publics &#8211; Mus\u00e9e du Louvre \u00e0 LENS (62) Descriptif du projet : Conduite des \u00e9tudes relatives aux travaux d\u2019am\u00e9nagement des espaces publics pr\u00e9alables \u00e0 l\u2019implantation du mus\u00e9e du Louvre-Lens. Ma\u00eetre d\u2019ouvrage : Groupement de Commandes\u2014Association EURALENS Architecte : UNE FABRIQUE DE LA VILLE Bureaux d\u2019\u00e9tudes : ARTELIA Montant des<\/p>\n","protected":false},"author":22,"featured_media":4735,"comment_status":"closed","ping_status":"open","sticky":false,"template":"","format":"standard","meta":[],"categories":[55],"tags":[],"acf":[],"aioseo_notices":[],"_links":{"self":[{"href":"https:\/\/www.cicanord.fr\/nov-apijson\/wp\/v2\/posts\/2935"}],"collection":[{"href":"https:\/\/www.cicanord.fr\/nov-apijson\/wp\/v2\/posts"}],"about":[{"href":"https:\/\/www.cicanord.fr\/nov-apijson\/wp\/v2\/types\/post"}],"author":[{"embeddable":true,"href":"https:\/\/www.cicanord.fr\/nov-apijson\/wp\/v2\/users\/22"}],"replies":[{"embeddable":true,"href":"https:\/\/www.cicanord.fr\/nov-apijson\/wp\/v2\/comments?post=2935"}],"version-history":[{"count":15,"href":"https:\/\/www.cicanord.fr\/nov-apijson\/wp\/v2\/posts\/2935\/revisions"}],"predecessor-version":[{"id":4739,"href":"https:\/\/www.cicanord.fr\/nov-apijson\/wp\/v2\/posts\/2935\/revisions\/4739"}],"wp:featuredmedia":[{"embeddable":true,"href":"https:\/\/www.cicanord.fr\/nov-apijson\/wp\/v2\/media\/4735"}],"wp:attachment":[{"href":"https:\/\/www.cicanord.fr\/nov-apijson\/wp\/v2\/media?parent=2935"}],"wp:term":[{"taxonomy":"category","embeddable":true,"href":"https:\/\/www.cicanord.fr\/nov-apijson\/wp\/v2\/categories?post=2935"},{"taxonomy":"post_tag","embeddable":true,"href":"https:\/\/www.cicanord.fr\/nov-apijson\/wp\/v2\/tags?post=2935"}],"curies":[{"name":"wp","href":"https:\/\/api.w.org\/{rel}","templated":true}]}}