{"id":3320,"date":"2023-10-04T14:52:26","date_gmt":"2023-10-04T12:52:26","guid":{"rendered":"https:\/\/www.cicanord.fr\/?p=3320"},"modified":"2025-11-24T15:20:11","modified_gmt":"2025-11-24T14:20:11","slug":"musee-de-picardie-a-amiens-80-2","status":"publish","type":"post","link":"https:\/\/www.cicanord.fr\/2023\/10\/04\/musee-de-picardie-a-amiens-80-2\/","title":{"rendered":"Mus\u00e9e de Picardie \u00e0 AMIENS (80)"},"content":{"rendered":"\t\t<div data-elementor-type=\"wp-post\" data-elementor-id=\"3320\" class=\"elementor elementor-3320\" data-elementor-settings=\"[]\">\n\t\t\t\t\t\t<div class=\"elementor-inner\">\n\t\t\t\t\t\t\t<div class=\"elementor-section-wrap\">\n\t\t\t\t\t\t\t<section class=\"elementor-section elementor-top-section elementor-element elementor-element-314960c8 elementor-section-stretched elementor-section-boxed elementor-section-height-default elementor-section-height-default wpr-particle-no wpr-jarallax-no wpr-parallax-no wpr-sticky-section-no\" data-id=\"314960c8\" data-element_type=\"section\" data-settings=\"{&quot;stretch_section&quot;:&quot;section-stretched&quot;}\">\n\t\t\t\t\t\t<div class=\"elementor-container elementor-column-gap-default\">\n\t\t\t\t\t\t\t<div class=\"elementor-row\">\n\t\t\t\t\t<div class=\"elementor-column elementor-col-50 elementor-top-column elementor-element elementor-element-326d1840\" data-id=\"326d1840\" data-element_type=\"column\">\n\t\t\t<div class=\"elementor-column-wrap elementor-element-populated\">\n\t\t\t\t\t\t\t<div class=\"elementor-widget-wrap\">\n\t\t\t\t\t\t<div class=\"elementor-element elementor-element-e906ac8 elementor-widget elementor-widget-text-editor\" data-id=\"e906ac8\" data-element_type=\"widget\" data-widget_type=\"text-editor.default\">\n\t\t\t\t<div class=\"elementor-widget-container\">\n\t\t\t\t\t\t\t\t<div class=\"elementor-text-editor elementor-clearfix\">\n\t\t\t\t<p><!-- wp:button --><\/p><div class=\"wp-block-button\"><strong><a class=\"wp-block-button__link\" href=\"https:\/\/www.cicanord.fr\/nos-references\/\">Retour<\/a><\/strong><\/div><p><!-- \/wp:button --><\/p>\t\t\t\t\t<\/div>\n\t\t\t\t\t\t<\/div>\n\t\t\t\t<\/div>\n\t\t\t\t<div class=\"elementor-element elementor-element-69ab8fc3 elementor-widget elementor-widget-heading\" data-id=\"69ab8fc3\" data-element_type=\"widget\" data-widget_type=\"heading.default\">\n\t\t\t\t<div class=\"elementor-widget-container\">\n\t\t\t<p class=\"elementor-heading-title elementor-size-default\">Mus\u00e9e de Picardie \u00e0 AMIENS (80)<\/p>\t\t<\/div>\n\t\t\t\t<\/div>\n\t\t\t\t\t\t<\/div>\n\t\t\t\t\t<\/div>\n\t\t<\/div>\n\t\t\t\t<div class=\"elementor-column elementor-col-50 elementor-top-column elementor-element elementor-element-45e374dc\" data-id=\"45e374dc\" data-element_type=\"column\">\n\t\t\t<div class=\"elementor-column-wrap\">\n\t\t\t\t\t\t\t<div class=\"elementor-widget-wrap\">\n\t\t\t\t\t\t\t\t<\/div>\n\t\t\t\t\t<\/div>\n\t\t<\/div>\n\t\t\t\t\t\t\t\t<\/div>\n\t\t\t\t\t<\/div>\n\t\t<\/section>\n\t\t\t\t<section class=\"elementor-section elementor-top-section elementor-element elementor-element-885749b elementor-section-stretched elementor-section-boxed elementor-section-height-default elementor-section-height-default wpr-particle-no wpr-jarallax-no wpr-parallax-no wpr-sticky-section-no\" data-id=\"885749b\" data-element_type=\"section\" data-settings=\"{&quot;stretch_section&quot;:&quot;section-stretched&quot;}\">\n\t\t\t\t\t\t<div class=\"elementor-container elementor-column-gap-default\">\n\t\t\t\t\t\t\t<div class=\"elementor-row\">\n\t\t\t\t\t<div class=\"elementor-column elementor-col-50 elementor-top-column elementor-element elementor-element-8ffaa0b\" data-id=\"8ffaa0b\" data-element_type=\"column\">\n\t\t\t<div class=\"elementor-column-wrap elementor-element-populated\">\n\t\t\t\t\t\t\t<div class=\"elementor-widget-wrap\">\n\t\t\t\t\t\t<div class=\"elementor-element elementor-element-4ab0103 elementor-pagination-position-outside elementor-widget elementor-widget-image-carousel\" data-id=\"4ab0103\" data-element_type=\"widget\" data-settings=\"{&quot;slides_to_show&quot;:&quot;1&quot;,&quot;navigation&quot;:&quot;dots&quot;,&quot;autoplay_speed&quot;:3000,&quot;speed&quot;:300,&quot;autoplay&quot;:&quot;yes&quot;,&quot;pause_on_hover&quot;:&quot;yes&quot;,&quot;pause_on_interaction&quot;:&quot;yes&quot;,&quot;infinite&quot;:&quot;yes&quot;,&quot;effect&quot;:&quot;slide&quot;}\" data-widget_type=\"image-carousel.default\">\n\t\t\t\t<div class=\"elementor-widget-container\">\n\t\t\t\t\t<div class=\"elementor-image-carousel-wrapper swiper-container\" dir=\"ltr\">\n\t\t\t<div class=\"elementor-image-carousel swiper-wrapper\">\n\t\t\t\t\t\t\t\t<div class=\"swiper-slide\"><figure class=\"swiper-slide-inner\"><img decoding=\"async\" class=\"swiper-slide-image\" src=\"https:\/\/www.cicanord.fr\/wp-content\/uploads\/2023\/11\/2-500x330-4.jpg\" alt=\"N093 - Mus\u00e9e Picardie\" \/><\/figure><\/div><div class=\"swiper-slide\"><figure class=\"swiper-slide-inner\"><img decoding=\"async\" class=\"swiper-slide-image\" src=\"https:\/\/www.cicanord.fr\/wp-content\/uploads\/2023\/11\/3-500x330-4.jpg\" alt=\"N093 - Mus\u00e9e Picardie\" \/><\/figure><\/div><div class=\"swiper-slide\"><figure class=\"swiper-slide-inner\"><img decoding=\"async\" class=\"swiper-slide-image\" src=\"https:\/\/www.cicanord.fr\/wp-content\/uploads\/2023\/11\/4-500x330-4.jpg\" alt=\"N093 - Mus\u00e9e Picardie\" \/><\/figure><\/div><div class=\"swiper-slide\"><figure class=\"swiper-slide-inner\"><img decoding=\"async\" class=\"swiper-slide-image\" src=\"https:\/\/www.cicanord.fr\/wp-content\/uploads\/2023\/11\/5-500x330-3.jpg\" alt=\"N093 - Mus\u00e9e Picardie\" \/><\/figure><\/div><div class=\"swiper-slide\"><figure class=\"swiper-slide-inner\"><img decoding=\"async\" class=\"swiper-slide-image\" src=\"https:\/\/www.cicanord.fr\/wp-content\/uploads\/2023\/11\/8-500x330-1.jpg\" alt=\"N093 - Mus\u00e9e Picardie\" \/><\/figure><\/div><div class=\"swiper-slide\"><figure class=\"swiper-slide-inner\"><img decoding=\"async\" class=\"swiper-slide-image\" src=\"https:\/\/www.cicanord.fr\/wp-content\/uploads\/2024\/04\/84721430_2952577824772501_6644970166813720576_o.jpg\" alt=\"N093 - Mus\u00e9e Picardie\" \/><\/figure><\/div><div class=\"swiper-slide\"><figure class=\"swiper-slide-inner\"><img decoding=\"async\" class=\"swiper-slide-image\" src=\"https:\/\/www.cicanord.fr\/wp-content\/uploads\/2024\/04\/81034215_2873923219304629_6751755569326981120_o.jpg\" alt=\"N093 - Mus\u00e9e Picardie\" \/><\/figure><\/div>\t\t\t<\/div>\n\t\t\t\t\t\t\t\t\t\t\t\t<div class=\"swiper-pagination\"><\/div>\n\t\t\t\t\t\t\t\t\t\t\t\t\t<\/div>\n\t\t\t\t<\/div>\n\t\t\t\t<\/div>\n\t\t\t\t\t\t<\/div>\n\t\t\t\t\t<\/div>\n\t\t<\/div>\n\t\t\t\t<div class=\"elementor-column elementor-col-50 elementor-top-column elementor-element elementor-element-762366e\" data-id=\"762366e\" data-element_type=\"column\">\n\t\t\t<div class=\"elementor-column-wrap elementor-element-populated\">\n\t\t\t\t\t\t\t<div class=\"elementor-widget-wrap\">\n\t\t\t\t\t\t<div class=\"elementor-element elementor-element-16ee1c3 elementor-widget elementor-widget-text-editor\" data-id=\"16ee1c3\" data-element_type=\"widget\" data-widget_type=\"text-editor.default\">\n\t\t\t\t<div class=\"elementor-widget-container\">\n\t\t\t\t\t\t\t\t<div class=\"elementor-text-editor elementor-clearfix\">\n\t\t\t\t<p><strong>Descriptif du projet<\/strong> : Travaux de r\u00e9novation et d\u2019extension du Mus\u00e9e de Picardie avec construction d\u2019une extension pour les espaces techniques, espaces p\u00e9dagogiques, salles de conf\u00e9rences et bureaux. Restructuration du pavillon MAIGNAN, am\u00e9nagement des jardins et adaptation des parvis pour constituer le nouvel accueil du Mus\u00e9e. Restauration patrimoniale de la chapelle, de la biblioth\u00e8que, des planchers . Restauration et mise en peinture des d\u00e9cors et verri\u00e8res int\u00e9rieures.<\/p>\n<p><strong>Ma\u00eetre d\u2019ouvrage<\/strong> : Amiens M\u00e9tropole<\/p>\n<p><strong>Architecte<\/strong> : FRENAK + JULLIEN Architectes, Jennifer DIDELON<\/p>\n<p><strong>Bureaux d\u2019\u00e9tudes<\/strong> : IGREC Ing\u00e9nierie<\/p>\n<p><strong>Montant des travaux<\/strong> : 18,7 M\u20ac HT<\/p>\n<p><strong>Surface<\/strong> : 7 000 m2 (dont 1 700 m\u00b2 d&#8217;extension et 5 300 m\u00b2 de restructuration)<\/p>\n<p><strong>Mission CICANORD<\/strong> : OPC en sous-traitance de l\u2019architecte<\/p>\n<p><strong>Ann\u00e9es<\/strong> : 2018-2020\u00a0<\/p>\t\t\t\t\t<\/div>\n\t\t\t\t\t\t<\/div>\n\t\t\t\t<\/div>\n\t\t\t\t<div class=\"elementor-element elementor-element-312d6f9 elementor-view-stacked elementor-shape-circle elementor-widget elementor-widget-icon\" data-id=\"312d6f9\" data-element_type=\"widget\" data-widget_type=\"icon.default\">\n\t\t\t\t<div class=\"elementor-widget-container\">\n\t\t\t\t\t<div class=\"elementor-icon-wrapper\">\n\t\t\t<a class=\"elementor-icon\" href=\"https:\/\/www.cicanord.fr\/wp-content\/uploads\/2025\/11\/N093-Musee-de-Picardie.pdf\">\n\t\t\t<i aria-hidden=\"true\" class=\"far fa-file-pdf\"><\/i>\t\t\t<\/a>\n\t\t<\/div>\n\t\t\t\t<\/div>\n\t\t\t\t<\/div>\n\t\t\t\t\t\t<\/div>\n\t\t\t\t\t<\/div>\n\t\t<\/div>\n\t\t\t\t\t\t\t\t<\/div>\n\t\t\t\t\t<\/div>\n\t\t<\/section>\n\t\t\t\t\t\t<\/div>\n\t\t\t\t\t\t<\/div>\n\t\t\t\t\t<\/div>\n\t\t","protected":false},"excerpt":{"rendered":"<p>Mus\u00e9e de Picardie \u00e0 AMIENS (80) Descriptif du projet : Travaux de r\u00e9novation et d\u2019extension du Mus\u00e9e de Picardie avec construction d\u2019une extension pour les espaces techniques, espaces p\u00e9dagogiques, salles de conf\u00e9rences et bureaux. Restructuration du pavillon MAIGNAN, am\u00e9nagement des jardins et adaptation des parvis pour constituer le nouvel accueil<\/p>\n","protected":false},"author":22,"featured_media":2611,"comment_status":"closed","ping_status":"open","sticky":false,"template":"","format":"standard","meta":[],"categories":[59],"tags":[],"acf":[],"aioseo_notices":[],"_links":{"self":[{"href":"https:\/\/www.cicanord.fr\/nov-apijson\/wp\/v2\/posts\/3320"}],"collection":[{"href":"https:\/\/www.cicanord.fr\/nov-apijson\/wp\/v2\/posts"}],"about":[{"href":"https:\/\/www.cicanord.fr\/nov-apijson\/wp\/v2\/types\/post"}],"author":[{"embeddable":true,"href":"https:\/\/www.cicanord.fr\/nov-apijson\/wp\/v2\/users\/22"}],"replies":[{"embeddable":true,"href":"https:\/\/www.cicanord.fr\/nov-apijson\/wp\/v2\/comments?post=3320"}],"version-history":[{"count":26,"href":"https:\/\/www.cicanord.fr\/nov-apijson\/wp\/v2\/posts\/3320\/revisions"}],"predecessor-version":[{"id":5636,"href":"https:\/\/www.cicanord.fr\/nov-apijson\/wp\/v2\/posts\/3320\/revisions\/5636"}],"wp:featuredmedia":[{"embeddable":true,"href":"https:\/\/www.cicanord.fr\/nov-apijson\/wp\/v2\/media\/2611"}],"wp:attachment":[{"href":"https:\/\/www.cicanord.fr\/nov-apijson\/wp\/v2\/media?parent=3320"}],"wp:term":[{"taxonomy":"category","embeddable":true,"href":"https:\/\/www.cicanord.fr\/nov-apijson\/wp\/v2\/categories?post=3320"},{"taxonomy":"post_tag","embeddable":true,"href":"https:\/\/www.cicanord.fr\/nov-apijson\/wp\/v2\/tags?post=3320"}],"curies":[{"name":"wp","href":"https:\/\/api.w.org\/{rel}","templated":true}]}}