{"id":4887,"date":"2024-04-25T14:35:39","date_gmt":"2024-04-25T12:35:39","guid":{"rendered":"https:\/\/www.cicanord.fr\/?p=4887"},"modified":"2024-04-25T14:46:16","modified_gmt":"2024-04-25T12:46:16","slug":"chu-amiens-picardie-le-fontenoy-a-amiens-80","status":"publish","type":"post","link":"https:\/\/www.cicanord.fr\/2024\/04\/25\/chu-amiens-picardie-le-fontenoy-a-amiens-80\/","title":{"rendered":"CHU Amiens-Picardie &#8211; Le Fontenoy \u00e0 AMIENS (80)"},"content":{"rendered":"\t\t<div data-elementor-type=\"wp-post\" data-elementor-id=\"4887\" class=\"elementor elementor-4887\" data-elementor-settings=\"[]\">\n\t\t\t\t\t\t<div class=\"elementor-inner\">\n\t\t\t\t\t\t\t<div class=\"elementor-section-wrap\">\n\t\t\t\t\t\t\t<section class=\"elementor-section elementor-top-section elementor-element elementor-element-23757e95 elementor-section-stretched elementor-section-boxed elementor-section-height-default elementor-section-height-default wpr-particle-no wpr-jarallax-no wpr-parallax-no wpr-sticky-section-no\" data-id=\"23757e95\" data-element_type=\"section\" data-settings=\"{&quot;stretch_section&quot;:&quot;section-stretched&quot;}\">\n\t\t\t\t\t\t<div class=\"elementor-container elementor-column-gap-default\">\n\t\t\t\t\t\t\t<div class=\"elementor-row\">\n\t\t\t\t\t<div class=\"elementor-column elementor-col-50 elementor-top-column elementor-element elementor-element-7a1045fb\" data-id=\"7a1045fb\" data-element_type=\"column\">\n\t\t\t<div class=\"elementor-column-wrap elementor-element-populated\">\n\t\t\t\t\t\t\t<div class=\"elementor-widget-wrap\">\n\t\t\t\t\t\t<div class=\"elementor-element elementor-element-7d463e4e elementor-widget elementor-widget-text-editor\" data-id=\"7d463e4e\" data-element_type=\"widget\" data-widget_type=\"text-editor.default\">\n\t\t\t\t<div class=\"elementor-widget-container\">\n\t\t\t\t\t\t\t\t<div class=\"elementor-text-editor elementor-clearfix\">\n\t\t\t\t<p><!-- wp:button --><\/p><div class=\"wp-block-button\"><strong><a class=\"wp-block-button__link\" href=\"https:\/\/www.cicanord.fr\/nos-references\/\">Retour<\/a><\/strong><\/div><p><!-- \/wp:button --><\/p>\t\t\t\t\t<\/div>\n\t\t\t\t\t\t<\/div>\n\t\t\t\t<\/div>\n\t\t\t\t<div class=\"elementor-element elementor-element-66caa5ae elementor-widget elementor-widget-heading\" data-id=\"66caa5ae\" data-element_type=\"widget\" data-widget_type=\"heading.default\">\n\t\t\t\t<div class=\"elementor-widget-container\">\n\t\t\t<p class=\"elementor-heading-title elementor-size-default\">B\u00e2timent Le Fontenoy \u00e0 AMIENS (80)<\/p>\t\t<\/div>\n\t\t\t\t<\/div>\n\t\t\t\t\t\t<\/div>\n\t\t\t\t\t<\/div>\n\t\t<\/div>\n\t\t\t\t<div class=\"elementor-column elementor-col-50 elementor-top-column elementor-element elementor-element-39e9097f\" data-id=\"39e9097f\" data-element_type=\"column\">\n\t\t\t<div class=\"elementor-column-wrap\">\n\t\t\t\t\t\t\t<div class=\"elementor-widget-wrap\">\n\t\t\t\t\t\t\t\t<\/div>\n\t\t\t\t\t<\/div>\n\t\t<\/div>\n\t\t\t\t\t\t\t\t<\/div>\n\t\t\t\t\t<\/div>\n\t\t<\/section>\n\t\t\t\t<section class=\"elementor-section elementor-top-section elementor-element elementor-element-3d58ad3 elementor-section-stretched elementor-section-boxed elementor-section-height-default elementor-section-height-default wpr-particle-no wpr-jarallax-no wpr-parallax-no wpr-sticky-section-no\" data-id=\"3d58ad3\" data-element_type=\"section\" data-settings=\"{&quot;stretch_section&quot;:&quot;section-stretched&quot;}\">\n\t\t\t\t\t\t<div class=\"elementor-container elementor-column-gap-default\">\n\t\t\t\t\t\t\t<div class=\"elementor-row\">\n\t\t\t\t\t<div class=\"elementor-column elementor-col-50 elementor-top-column elementor-element elementor-element-91c3b1e\" data-id=\"91c3b1e\" data-element_type=\"column\">\n\t\t\t<div class=\"elementor-column-wrap elementor-element-populated\">\n\t\t\t\t\t\t\t<div class=\"elementor-widget-wrap\">\n\t\t\t\t\t\t<div class=\"elementor-element elementor-element-dd891b5 elementor-arrows-position-inside elementor-pagination-position-outside elementor-widget elementor-widget-image-carousel\" data-id=\"dd891b5\" data-element_type=\"widget\" data-settings=\"{&quot;slides_to_show&quot;:&quot;1&quot;,&quot;autoplay_speed&quot;:3000,&quot;speed&quot;:300,&quot;navigation&quot;:&quot;both&quot;,&quot;autoplay&quot;:&quot;yes&quot;,&quot;pause_on_hover&quot;:&quot;yes&quot;,&quot;pause_on_interaction&quot;:&quot;yes&quot;,&quot;infinite&quot;:&quot;yes&quot;,&quot;effect&quot;:&quot;slide&quot;}\" data-widget_type=\"image-carousel.default\">\n\t\t\t\t<div class=\"elementor-widget-container\">\n\t\t\t\t\t<div class=\"elementor-image-carousel-wrapper swiper-container\" dir=\"ltr\">\n\t\t\t<div class=\"elementor-image-carousel swiper-wrapper swiper-image-stretch\">\n\t\t\t\t\t\t\t\t<div class=\"swiper-slide\"><figure class=\"swiper-slide-inner\"><img decoding=\"async\" class=\"swiper-slide-image\" src=\"https:\/\/www.cicanord.fr\/wp-content\/uploads\/2024\/04\/image005.jpg\" alt=\"N075 - Le Fontenoy\" \/><\/figure><\/div>\t\t\t<\/div>\n\t\t\t\t\t<\/div>\n\t\t\t\t<\/div>\n\t\t\t\t<\/div>\n\t\t\t\t\t\t<\/div>\n\t\t\t\t\t<\/div>\n\t\t<\/div>\n\t\t\t\t<div class=\"elementor-column elementor-col-50 elementor-top-column elementor-element elementor-element-b4ef619\" data-id=\"b4ef619\" data-element_type=\"column\">\n\t\t\t<div class=\"elementor-column-wrap elementor-element-populated\">\n\t\t\t\t\t\t\t<div class=\"elementor-widget-wrap\">\n\t\t\t\t\t\t<div class=\"elementor-element elementor-element-341e40a elementor-widget elementor-widget-text-editor\" data-id=\"341e40a\" data-element_type=\"widget\" data-widget_type=\"text-editor.default\">\n\t\t\t\t<div class=\"elementor-widget-container\">\n\t\t\t\t\t\t\t\t<div class=\"elementor-text-editor elementor-clearfix\">\n\t\t\t\t<p><strong>Descriptif du projet<\/strong><span>\u00a0<\/span>: R\u00e9habilitation du b\u00e2timent FONTENOY &#8211; CHU AMIENS PICARDIE. Planification et assistance dans le suivi de l&#8217;ex\u00e9cution des travaux.<\/p>\n<p><strong>Ma\u00eetre d\u2019ouvrage<\/strong><span>\u00a0<\/span>: CHU Amiens Picardie<\/p>\n<p><strong>Architecte<\/strong><span>\u00a0<\/span>: AART FARAH Architectes associ\u00e9s<\/p>\n<p><strong>Bureaux d\u2019\u00e9tudes<\/strong><span>\u00a0<\/span>: ARTELIA<\/p>\n<p><strong>Montant des travaux<\/strong><span>\u00a0<\/span>: 40 M\u20ac HT<\/p>\n<p><strong>Surface<\/strong><span>\u00a0<\/span>: 42 000 m2<\/p>\n<p><strong>Mission CICANORD<\/strong><span>\u00a0<\/span>: OPC pour le compte du groupement d&#8217;entreprise ENGIE AXIMA (mandataire) &#8211; DEMATHIEU BARD CONSTRUCTION &#8211; SATELEC-AIR LIQUIDE<\/p>\n<p><strong>Ann\u00e9es<\/strong><span>\u00a0<\/span>: 2021 &#8211; 2023<\/p>\t\t\t\t\t<\/div>\n\t\t\t\t\t\t<\/div>\n\t\t\t\t<\/div>\n\t\t\t\t\t\t<\/div>\n\t\t\t\t\t<\/div>\n\t\t<\/div>\n\t\t\t\t\t\t\t\t<\/div>\n\t\t\t\t\t<\/div>\n\t\t<\/section>\n\t\t\t\t\t\t<\/div>\n\t\t\t\t\t\t<\/div>\n\t\t\t\t\t<\/div>\n\t\t","protected":false},"excerpt":{"rendered":"<p>B\u00e2timent Le Fontenoy \u00e0 AMIENS (80) Descriptif du projet\u00a0: R\u00e9habilitation du b\u00e2timent FONTENOY &#8211; CHU AMIENS PICARDIE. Planification et assistance dans le suivi de l&#8217;ex\u00e9cution des travaux. Ma\u00eetre d\u2019ouvrage\u00a0: CHU Amiens Picardie Architecte\u00a0: AART FARAH Architectes associ\u00e9s Bureaux d\u2019\u00e9tudes\u00a0: ARTELIA Montant des travaux\u00a0: 40 M\u20ac HT Surface\u00a0: 42 000 m2<\/p>\n","protected":false},"author":32,"featured_media":4890,"comment_status":"closed","ping_status":"open","sticky":false,"template":"","format":"standard","meta":[],"categories":[57],"tags":[],"acf":[],"aioseo_notices":[],"_links":{"self":[{"href":"https:\/\/www.cicanord.fr\/nov-apijson\/wp\/v2\/posts\/4887"}],"collection":[{"href":"https:\/\/www.cicanord.fr\/nov-apijson\/wp\/v2\/posts"}],"about":[{"href":"https:\/\/www.cicanord.fr\/nov-apijson\/wp\/v2\/types\/post"}],"author":[{"embeddable":true,"href":"https:\/\/www.cicanord.fr\/nov-apijson\/wp\/v2\/users\/32"}],"replies":[{"embeddable":true,"href":"https:\/\/www.cicanord.fr\/nov-apijson\/wp\/v2\/comments?post=4887"}],"version-history":[{"count":8,"href":"https:\/\/www.cicanord.fr\/nov-apijson\/wp\/v2\/posts\/4887\/revisions"}],"predecessor-version":[{"id":4901,"href":"https:\/\/www.cicanord.fr\/nov-apijson\/wp\/v2\/posts\/4887\/revisions\/4901"}],"wp:featuredmedia":[{"embeddable":true,"href":"https:\/\/www.cicanord.fr\/nov-apijson\/wp\/v2\/media\/4890"}],"wp:attachment":[{"href":"https:\/\/www.cicanord.fr\/nov-apijson\/wp\/v2\/media?parent=4887"}],"wp:term":[{"taxonomy":"category","embeddable":true,"href":"https:\/\/www.cicanord.fr\/nov-apijson\/wp\/v2\/categories?post=4887"},{"taxonomy":"post_tag","embeddable":true,"href":"https:\/\/www.cicanord.fr\/nov-apijson\/wp\/v2\/tags?post=4887"}],"curies":[{"name":"wp","href":"https:\/\/api.w.org\/{rel}","templated":true}]}}