{"id":5367,"date":"2024-10-01T09:43:46","date_gmt":"2024-10-01T07:43:46","guid":{"rendered":"https:\/\/www.cicanord.fr\/?p=5367"},"modified":"2024-10-01T15:45:06","modified_gmt":"2024-10-01T13:45:06","slug":"nouveaux-services-departementaux-a-douais-59","status":"publish","type":"post","link":"https:\/\/www.cicanord.fr\/2024\/10\/01\/nouveaux-services-departementaux-a-douais-59\/","title":{"rendered":"Nouveaux locaux des services du d\u00e9partement \u00e0 Douais (59)"},"content":{"rendered":"\t\t<div data-elementor-type=\"wp-post\" data-elementor-id=\"5367\" class=\"elementor elementor-5367\" data-elementor-settings=\"[]\">\n\t\t\t\t\t\t<div class=\"elementor-inner\">\n\t\t\t\t\t\t\t<div class=\"elementor-section-wrap\">\n\t\t\t\t\t\t\t<section class=\"elementor-section elementor-top-section elementor-element elementor-element-19a25c70 elementor-section-stretched elementor-section-boxed elementor-section-height-default elementor-section-height-default wpr-particle-no wpr-jarallax-no wpr-parallax-no wpr-sticky-section-no\" data-id=\"19a25c70\" data-element_type=\"section\" data-settings=\"{&quot;stretch_section&quot;:&quot;section-stretched&quot;}\">\n\t\t\t\t\t\t<div class=\"elementor-container elementor-column-gap-default\">\n\t\t\t\t\t\t\t<div class=\"elementor-row\">\n\t\t\t\t\t<div class=\"elementor-column elementor-col-50 elementor-top-column elementor-element elementor-element-7edbc55d\" data-id=\"7edbc55d\" data-element_type=\"column\">\n\t\t\t<div class=\"elementor-column-wrap elementor-element-populated\">\n\t\t\t\t\t\t\t<div class=\"elementor-widget-wrap\">\n\t\t\t\t\t\t<div class=\"elementor-element elementor-element-6f1c283f elementor-widget elementor-widget-text-editor\" data-id=\"6f1c283f\" data-element_type=\"widget\" data-widget_type=\"text-editor.default\">\n\t\t\t\t<div class=\"elementor-widget-container\">\n\t\t\t\t\t\t\t\t<div class=\"elementor-text-editor elementor-clearfix\">\n\t\t\t\t<p><!-- wp:button --><\/p><div class=\"wp-block-button\"><strong><a class=\"wp-block-button__link\" href=\"https:\/\/www.cicanord.fr\/notre-actualite\/\">Retour<\/a><\/strong><\/div><p><!-- \/wp:button --><\/p>\t\t\t\t\t<\/div>\n\t\t\t\t\t\t<\/div>\n\t\t\t\t<\/div>\n\t\t\t\t\t\t<\/div>\n\t\t\t\t\t<\/div>\n\t\t<\/div>\n\t\t\t\t<div class=\"elementor-column elementor-col-50 elementor-top-column elementor-element elementor-element-6d60d01d\" data-id=\"6d60d01d\" data-element_type=\"column\">\n\t\t\t<div class=\"elementor-column-wrap\">\n\t\t\t\t\t\t\t<div class=\"elementor-widget-wrap\">\n\t\t\t\t\t\t\t\t<\/div>\n\t\t\t\t\t<\/div>\n\t\t<\/div>\n\t\t\t\t\t\t\t\t<\/div>\n\t\t\t\t\t<\/div>\n\t\t<\/section>\n\t\t\t\t<section class=\"elementor-section elementor-top-section elementor-element elementor-element-a02e290 elementor-section-stretched elementor-section-boxed elementor-section-height-default elementor-section-height-default wpr-particle-no wpr-jarallax-no wpr-parallax-no wpr-sticky-section-no\" data-id=\"a02e290\" data-element_type=\"section\" data-settings=\"{&quot;stretch_section&quot;:&quot;section-stretched&quot;}\">\n\t\t\t\t\t\t<div class=\"elementor-container elementor-column-gap-default\">\n\t\t\t\t\t\t\t<div class=\"elementor-row\">\n\t\t\t\t\t<div class=\"elementor-column elementor-col-50 elementor-top-column elementor-element elementor-element-9ec3c65\" data-id=\"9ec3c65\" data-element_type=\"column\">\n\t\t\t<div class=\"elementor-column-wrap elementor-element-populated\">\n\t\t\t\t\t\t\t<div class=\"elementor-widget-wrap\">\n\t\t\t\t\t\t<div class=\"elementor-element elementor-element-bcb85fe elementor-pagination-position-outside elementor-widget elementor-widget-image-carousel\" data-id=\"bcb85fe\" data-element_type=\"widget\" data-settings=\"{&quot;slides_to_show&quot;:&quot;1&quot;,&quot;navigation&quot;:&quot;dots&quot;,&quot;autoplay_speed&quot;:3000,&quot;speed&quot;:300,&quot;autoplay&quot;:&quot;yes&quot;,&quot;pause_on_hover&quot;:&quot;yes&quot;,&quot;pause_on_interaction&quot;:&quot;yes&quot;,&quot;infinite&quot;:&quot;yes&quot;,&quot;effect&quot;:&quot;slide&quot;}\" data-widget_type=\"image-carousel.default\">\n\t\t\t\t<div class=\"elementor-widget-container\">\n\t\t\t\t\t<div class=\"elementor-image-carousel-wrapper swiper-container\" dir=\"ltr\">\n\t\t\t<div class=\"elementor-image-carousel swiper-wrapper\">\n\t\t\t\t\t\t\t\t<div class=\"swiper-slide\"><figure class=\"swiper-slide-inner\"><img decoding=\"async\" class=\"swiper-slide-image\" src=\"https:\/\/www.cicanord.fr\/wp-content\/uploads\/2024\/09\/Image-2-min.jpeg\" alt=\"Image 2-min\" \/><\/figure><\/div><div class=\"swiper-slide\"><figure class=\"swiper-slide-inner\"><img decoding=\"async\" class=\"swiper-slide-image\" src=\"https:\/\/www.cicanord.fr\/wp-content\/uploads\/2024\/09\/Image-1-min.jpeg\" alt=\"Image 1-min\" \/><\/figure><\/div><div class=\"swiper-slide\"><figure class=\"swiper-slide-inner\"><img decoding=\"async\" class=\"swiper-slide-image\" src=\"https:\/\/www.cicanord.fr\/wp-content\/uploads\/2024\/09\/Image-3-min.jpeg\" alt=\"Image 3-min\" \/><\/figure><\/div>\t\t\t<\/div>\n\t\t\t\t\t\t\t\t\t\t\t\t<div class=\"swiper-pagination\"><\/div>\n\t\t\t\t\t\t\t\t\t\t\t\t\t<\/div>\n\t\t\t\t<\/div>\n\t\t\t\t<\/div>\n\t\t\t\t\t\t<\/div>\n\t\t\t\t\t<\/div>\n\t\t<\/div>\n\t\t\t\t<div class=\"elementor-column elementor-col-50 elementor-top-column elementor-element elementor-element-1bd2420\" data-id=\"1bd2420\" data-element_type=\"column\">\n\t\t\t<div class=\"elementor-column-wrap elementor-element-populated\">\n\t\t\t\t\t\t\t<div class=\"elementor-widget-wrap\">\n\t\t\t\t\t\t<div class=\"elementor-element elementor-element-6d1d4f1 elementor-widget elementor-widget-text-editor\" data-id=\"6d1d4f1\" data-element_type=\"widget\" data-widget_type=\"text-editor.default\">\n\t\t\t\t<div class=\"elementor-widget-container\">\n\t\t\t\t\t\t\t\t<div class=\"elementor-text-editor elementor-clearfix\">\n\t\t\t\t<p>Apr\u00e8s 24 mois de travaux en site occup\u00e9, les nouveaux locaux des services d\u00e9partementaux du Douaisis ont \u00e9t\u00e9 inaugur\u00e9s le mercredi 25 septembre 2024.<\/p>\n<p><\/p>\n<p>Cicanord est intervenu pour assurer la mission OPC au sein de l&#8217;\u00e9quipe de ma\u00eetrise d&#8217;oeuvre.<\/p>\n<p><\/p>\n<p>Ma\u00eetre d&#8217;ouvrage : D\u00e9partement du Nord<\/p>\n<p>Architecte : ATRIUM Architectes<\/p>\n<p>Bureau d&#8217;\u00e9tudes : EGIS<\/p>\n<p><\/p>\n<p style=\"margin-left: -14.2pt; text-align: justify;\"><\/p>\t\t\t\t\t<\/div>\n\t\t\t\t\t\t<\/div>\n\t\t\t\t<\/div>\n\t\t\t\t\t\t<\/div>\n\t\t\t\t\t<\/div>\n\t\t<\/div>\n\t\t\t\t\t\t\t\t<\/div>\n\t\t\t\t\t<\/div>\n\t\t<\/section>\n\t\t\t\t\t\t<\/div>\n\t\t\t\t\t\t<\/div>\n\t\t\t\t\t<\/div>\n\t\t","protected":false},"excerpt":{"rendered":"<p>Apr\u00e8s 24 mois de travaux en site occup\u00e9, les nouveaux locaux des services d\u00e9partementaux du Douaisis ont \u00e9t\u00e9 inaugur\u00e9s le mercredi 25 septembre 2024. &nbsp; Cicanord est intervenu pour assurer la mission OPC au sein de l&#8217;\u00e9quipe de ma\u00eetrise d&#8217;oeuvre. &nbsp; Ma\u00eetre d&#8217;ouvrage : D\u00e9partement du Nord Architecte : ATRIUM<\/p>\n","protected":false},"author":32,"featured_media":5326,"comment_status":"closed","ping_status":"open","sticky":false,"template":"","format":"standard","meta":[],"categories":[1],"tags":[],"acf":[],"aioseo_notices":[],"_links":{"self":[{"href":"https:\/\/www.cicanord.fr\/nov-apijson\/wp\/v2\/posts\/5367"}],"collection":[{"href":"https:\/\/www.cicanord.fr\/nov-apijson\/wp\/v2\/posts"}],"about":[{"href":"https:\/\/www.cicanord.fr\/nov-apijson\/wp\/v2\/types\/post"}],"author":[{"embeddable":true,"href":"https:\/\/www.cicanord.fr\/nov-apijson\/wp\/v2\/users\/32"}],"replies":[{"embeddable":true,"href":"https:\/\/www.cicanord.fr\/nov-apijson\/wp\/v2\/comments?post=5367"}],"version-history":[{"count":11,"href":"https:\/\/www.cicanord.fr\/nov-apijson\/wp\/v2\/posts\/5367\/revisions"}],"predecessor-version":[{"id":5415,"href":"https:\/\/www.cicanord.fr\/nov-apijson\/wp\/v2\/posts\/5367\/revisions\/5415"}],"wp:featuredmedia":[{"embeddable":true,"href":"https:\/\/www.cicanord.fr\/nov-apijson\/wp\/v2\/media\/5326"}],"wp:attachment":[{"href":"https:\/\/www.cicanord.fr\/nov-apijson\/wp\/v2\/media?parent=5367"}],"wp:term":[{"taxonomy":"category","embeddable":true,"href":"https:\/\/www.cicanord.fr\/nov-apijson\/wp\/v2\/categories?post=5367"},{"taxonomy":"post_tag","embeddable":true,"href":"https:\/\/www.cicanord.fr\/nov-apijson\/wp\/v2\/tags?post=5367"}],"curies":[{"name":"wp","href":"https:\/\/api.w.org\/{rel}","templated":true}]}}